{"id":5049,"date":"2024-10-10T11:21:00","date_gmt":"2024-10-10T11:21:00","guid":{"rendered":"https:\/\/www.saveourseeds.org\/?p=5049"},"modified":"2025-07-18T15:26:37","modified_gmt":"2025-07-18T15:26:37","slug":"gentechnik-in-natuerlichen-oekosystemen-vermeidet-iucn-ergebnisoffene-diskussion","status":"publish","type":"post","link":"https:\/\/www.saveourseeds.org\/de\/aktuelles\/gentechnik-in-natuerlichen-oekosystemen-vermeidet-iucn-ergebnisoffene-diskussion\/","title":{"rendered":"Gentechnik und Naturschutz: vermeidet IUCN ergebnisoffene Diskussion?"},"content":{"rendered":"\n<p id=\"block-199a80a4-c686-46ca-ac7c-a13e38452974\">Am 4. Okto\u00adber ende\u00adte das Regio\u00adnal\u00adfo\u00adrum der Welt\u00adna\u00adtur\u00adschutz\u00aduni\u00adon (IUCN) f\u00fcr Euro\u00adpa, Nord- und Zen\u00adtral\u00adasi\u00aden im bel\u00adgi\u00adschen Br\u00fcg\u00adge. Es dien\u00adte unter ande\u00adrem zur Vor\u00adbe\u00adrei\u00adtung des <a href=\"https:\/\/iucncongress2025.org\/\">IUCN-Welt\u00adna\u00adtur\u00adschutz\u00adkon\u00adgres\u00adses 2025<\/a>. \u00dcber den Ent\u00adwurf einer IUCN-Posi\u00adti\u00adon zum Ein\u00adsatz von Gen\u00adtech\u00adnik im Natur\u00adschutz wur\u00adde aller\u00addings nicht dis\u00adku\u00adtiert. Eine ver\u00adpass\u00adte Chan\u00adce, urteil\u00adten Save Our Seeds<strong> <\/strong>und die fran\u00adz\u00f6\u00adsi\u00adsche Orga\u00adni\u00adsa\u00adti\u00adon POLLINIS.<\/p>\n\n\n\n<p id=\"block-199a80a4-c686-46ca-ac7c-a13e38452974\">Die IUCN ist das welt\u00adweit gr\u00f6\u00df\u00adte Netz\u00adwerk staat\u00adli\u00adcher und zivil\u00adge\u00adsell\u00adschaft\u00adli\u00adcher Natur\u00adschutz\u00adin\u00adsti\u00adtu\u00adtio\u00adnen und \u2011orga\u00adni\u00adsa\u00adtio\u00adnen. Es ent\u00adwi\u00adckelt der\u00adzeit eine Posi\u00adti\u00adon zur syn\u00adthe\u00adti\u00adschen Bio\u00adlo\u00adgie \u2013 einer Wei\u00adter\u00adent\u00adwick\u00adlung der Gen\u00adtech\u00adnik \u2013 im Kon\u00adtext des Natur\u00adschut\u00adzes. Die Grund\u00adla\u00adge daf\u00fcr wur\u00adde mit der <a href=\"https:\/\/portals.iucn.org\/library\/sites\/library\/files\/resrecfiles\/WCC_2020_RES_123_EN.pdf\">Reso\u00adlu\u00adti\u00adon 123<\/a> beim IUCN-Welt\u00adna\u00adtur\u00adschutz\u00adkon\u00adgress 2021 geschaf\u00adfen. Dort beschlos\u00adsen die IUCN-Mit\u00adglie\u00adder die Ein\u00adrich\u00adtung einer \u201eaus\u00adge\u00adwo\u00adgen besetz\u00adten Arbeits\u00adgrup\u00adpe\u201c mit einer \u201egleich\u00adbe\u00adrech\u00adtig\u00adten Ver\u00adtre\u00adtung von Geschlech\u00adtern, Regio\u00adnen, Mei\u00adnun\u00adgen, Ethi\u00adken und Wis\u00adsens\u00adsys\u00adte\u00admen\u201c. Auch eine \u201eB\u00fcr\u00adger\u00adver\u00adsamm\u00adlung\u201c soll\u00adte zur Posi\u00adti\u00adons\u00adfin\u00addung bei\u00adtra\u00adgen. <\/p>\n\n\n\n<p id=\"block-199a80a4-c686-46ca-ac7c-a13e38452974\">Doch Nicht\u00adre\u00adgie\u00adrungs\u00ador\u00adga\u00adni\u00adsa\u00adtio\u00adnen zufol\u00adge ver\u00adlief das Ver\u00adfah\u00adren nicht so fair und aus\u00adge\u00adwo\u00adgen wie urspr\u00fcng\u00adlich geplant. So wur\u00adden indi\u00adge\u00adne V\u00f6l\u00adker und loka\u00adle Gemein\u00adschaf\u00adten nicht umfas\u00adsend betei\u00adligt und eine stark vor\u00adein\u00adge\u00adnom\u00adme\u00adne Orga\u00adni\u00adsa\u00adti\u00adon, das <a href=\"https:\/\/www.icgeb.org\/\">Inter\u00adna\u00adtio\u00adnal Cent\u00adre for Gene\u00adtic Engi\u00adnee\u00adring and Bio\u00adtech\u00adno\u00adlo\u00adgy (ICGEB)<\/a>, betraut mit der Vor\u00adbe\u00adrei\u00adtung und Lei\u00adtung der B\u00fcr\u00adger\u00adver\u00adsamm\u00adlung. Im Som\u00admer \u00fcbten \u00fcber <a href=\"https:\/\/www.stop-genedrives.eu\/wp-content\/uploads\/2024\/10\/NGO-IUCN-letter-28-August-2024.pdf\" target=\"_blank\" rel=\"noreferrer noopener\">80 Nicht\u00adre\u00adgie\u00adrungs\u00ador\u00adga\u00adni\u00adsa\u00adtio\u00adnen<\/a> har\u00adsche Kri\u00adtik am \u201evor\u00adein\u00adge\u00adnom\u00adme\u00adnen\u201c und \u201eintrans\u00adpa\u00adren\u00adten\u201c Ver\u00adfah\u00adren und for\u00adder\u00adten einen Stopp des Pro\u00adzes\u00adses, bis ech\u00adte Betei\u00adli\u00adgung, Inklu\u00adsi\u00advi\u00adt\u00e4t und Trans\u00adpa\u00adrenz gew\u00e4hr\u00adleis\u00adtet sei\u00aden.&nbsp;<\/p>\n\n\n\n<p id=\"block-b76f2701-d0f0-4557-9751-1f54d59a5f22\">\u201eWir sind sehr besorgt \u00fcber die Ein\u00adbe\u00adzie\u00adhung des ICGEB in die \u201aB\u00fcr\u00adger\u00adver\u00adsamm\u00adlung\u2018 durch die IUCN, da dies einen kla\u00adren Inter\u00ades\u00adsen\u00adkon\u00adflikt dar\u00adstellt\u201c, sag\u00adte Nico\u00adlas Laar\u00adman von POLLINIS. \u201eDie star\u00adke Vor\u00adein\u00adge\u00adnom\u00admen\u00adheit des ICGEB und sei\u00adne engen Ver\u00adbin\u00addun\u00adgen zur Gen\u00adtech\u00adnik\u00adin\u00addus\u00adtrie unter\u00adgra\u00adben die Objek\u00adti\u00advi\u00adt\u00e4t, die f\u00fcr eine aus\u00adge\u00adwo\u00adge\u00adne und trans\u00adpa\u00adren\u00adte Behand\u00adlung die\u00adser h\u00f6chst umstrit\u00adte\u00adnen The\u00adma\u00adtik uner\u00adl\u00e4ss\u00adlich ist.\u201c<\/p>\n\n\n\n<p id=\"block-08a63eae-a0bf-40d5-abcc-f0e4627da89b\">Der fina\u00adle Posi\u00adti\u00adons\u00adent\u00adwurf wur\u00adde einen Tag nach dem Regio\u00adnal\u00adtref\u00adfen in Br\u00fcg\u00adge ver\u00ad\u00f6f\u00adfent\u00adlicht. Die\u00adser soll im Okto\u00adber 2025 auf dem <a href=\"https:\/\/iucn.org\/press-release\/202410\/countdown-begins-worlds-leading-biodiversity-summit\" target=\"_blank\" rel=\"noreferrer noopener\">Welt\u00adna\u00adtur\u00adschutz\u00adkon\u00adgress der IUCN in Abu Dha\u00adbi<\/a> ver\u00adab\u00adschie\u00addet wer\u00adden. Nicht\u00adre\u00adgie\u00adrungs\u00ador\u00adga\u00adni\u00adsa\u00adtio\u00adnen hat\u00adten bereits zum ers\u00adten und zwei\u00adten Ent\u00adwurf <a href=\"https:\/\/www.stop-genedrives.eu\/wp-content\/uploads\/2024\/10\/Responses-to-peer-review-of-IUCN-policy-second-draft_0.pdf\" target=\"_blank\" rel=\"noreferrer noopener\">R\u00fcck\u00admel\u00addung <\/a>gege\u00adben. Sie bem\u00e4n\u00adgel\u00adten, dass ihre Kri\u00adtik auch im drit\u00adten Ent\u00adwurft nicht auf\u00adge\u00adnom\u00admen wur\u00adde. Vor allem fehl\u00adten kla\u00adre Ver\u00adfah\u00adren zur Risi\u00adko\u00adbe\u00adwer\u00adtung sowie zur Anwen\u00addung des Vor\u00adsor\u00adge\u00adprin\u00adzips.<\/p>\n\n\n\n<p id=\"block-0d6dd275-a526-4a01-8362-f0e4481b4673\">\u201eF\u00fcr eine effek\u00adti\u00adve Natur\u00adschutz\u00adpo\u00adli\u00adtik zur syn\u00adthe\u00adti\u00adschen Bio\u00adlo\u00adgie braucht es jetzt vor allem eines: einen infor\u00admier\u00adten, trans\u00adpa\u00adren\u00adten und inklu\u00adsi\u00adven Dia\u00adlog \u00fcber die gen\u00adtech\u00adni\u00adsche Mani\u00adpu\u00adla\u00adti\u00adon in nat\u00fcr\u00adli\u00adchen \u00d6ko\u00adsys\u00adte\u00admen\u201c, for\u00adder\u00adten Save Our Seeds und POLLINIS.&nbsp;<\/p>\n\n\n\n<h3 class=\"wp-block-heading\" id=\"block-c67f5816-e90d-4e15-ad97-9a4e39e79408\">Hintergund<\/h3>\n\n\n\n<p id=\"block-8aa356c5-b289-4d8a-9822-b6f80dda1465\">Schon 2019 hat\u00adten sich Nicht\u00adre\u00adgie\u00adrungs\u00ador\u00adga\u00adni\u00adsa\u00adtio\u00adnen \u2013 dar\u00adun\u00adter der Umwelt\u00addach\u00adver\u00adband Deut\u00adscher Natur\u00adschutz\u00adring, der IUCN-Mit\u00adglied ist \u2013 mit einem <a href=\"https:\/\/www.dnr.de\/themen\/positionen\/schwere-bedenken-bei-synthetischer-biologie-im-naturschutz\" target=\"_blank\" rel=\"noreferrer noopener\">offe\u00adnen Brief<\/a> an die Welt\u00adna\u00adtur\u00adschutz\u00aduni\u00adon gewandt und \u201eschwe\u00adre Beden\u00adken\u201c ge\u00e4u\u00ad\u00dfert. Und an der Kri\u00adtik von 2021 von DNR-Gesch\u00e4fts\u00adf\u00fch\u00adrer Flo\u00adri\u00adan Sch\u00f6\u00adne hat sich nichts ge\u00e4n\u00addert: \u201eDer DNR lehnt Gen\u00adtech\u00adnik sowohl in der Land\u00adwirt\u00adschaft als auch im Natur\u00adschutz grund\u00ads\u00e4tz\u00adlich ab und for\u00addert ein welt\u00adwei\u00adtes Mora\u00adto\u00adri\u00adum f\u00fcr die Nut\u00adzung der Gene Dri\u00adve Tech\u00adno\u00adlo\u00adgie. Statt Zeit und Hoff\u00adnung mit ris\u00adkan\u00adten und teu\u00adren Ma\u00df\u00adnah\u00admen zur Sym\u00adptom\u00adbe\u00adk\u00e4mp\u00adfung zu ver\u00adschwen\u00adden, muss sich die IUCN dar\u00adauf kon\u00adzen\u00adtrie\u00adren, die Ursa\u00adchen des dra\u00adma\u00adti\u00adschen Arten\u00adster\u00adbens anzu\u00adge\u00adhen.\u201c<\/p>\n\n\n\n<p>Quel\u00adle: <a href=\"https:\/\/www.dnr.de\/aktuelles-termine\/aktuelles\/gentechnik-natuerlichen-oekosystemen-vermeidet-iucn-ergebnisoffene\">Deut\u00adscher Natur\u00adschutz\u00adring<\/a><\/p>\n\n\n\n<p><\/p>\n","protected":false},"excerpt":{"rendered":"<p>Am 4. Okto\u00adber ende\u00adte das Regio\u00adna\u00adle Natur\u00adschutz\u00adfo\u00adrum der Welt\u00adna\u00adtur\u00adschutz\u00aduni\u00adon (IUCN) f\u00fcr Euro\u00adpa, Nord- und Zen\u00adtral\u00adasi\u00aden im bel\u00adgi\u00adschen Br\u00fcg\u00adge. Es dien\u00adte unter ande\u00adrem zur Vor\u00adbe\u00adrei\u00adtung des IUCN-Welt\u00adna\u00adtur\u00adschutz\u00adkon\u00adgres\u00adses 2025. \u00dcber den Ent\u00adwurf einer IUCN-Posi\u00adti\u00adon zum Ein\u00adsatz von Gen\u00adtech\u00adnik im Natur\u00adschutz wur\u00adde aller\u00addings nicht dis\u00adku\u00adtiert. Eine ver\u00adpass\u00adte Chan\u00adce, urteil\u00adten Save Our Seeds und die fran\u00adz\u00f6\u00adsi\u00adsche Orga\u00adni\u00adsa\u00adti\u00adon POLLINIS.<\/p>\n","protected":false},"author":3,"featured_media":5054,"comment_status":"closed","ping_status":"closed","sticky":false,"template":"","format":"standard","meta":{"wp_typography_post_enhancements_disabled":false,"footnotes":""},"categories":[11],"tags":[71,72,82],"class_list":["post-5049","post","type-post","status-publish","format-standard","has-post-thumbnail","hentry","category-aktuelles","tag-synbio","tag-iucn","tag-naturschutz"],"yoast_head":"<!-- This site is optimized with the Yoast SEO Premium plugin v26.5 (Yoast SEO v26.5) - https:\/\/yoast.com\/wordpress\/plugins\/seo\/ -->\n<title>Gentechnik und Naturschutz: vermeidet IUCN ergebnisoffene Diskussion? - Save Our Seeds<\/title>\n<meta name=\"description\" content=\"Am 4. Oktober endete das Regionale Naturschutzforum der Weltnaturschutzunion (IUCN) f\u00fcr Europa, Nord- und Zentralasien im belgischen Br\u00fcgge. Es diente unter anderem zur Vorbereitung des IUCN-Weltnaturschutzkongresses 2025. \u00dcber den Entwurf einer IUCN-Position zum Einsatz von Gentechnik im Naturschutz wurde allerdings nicht diskutiert. Eine verpasste Chance, urteilten Save Our Seeds und die franz\u00f6sische Organisation POLLINIS.\" \/>\n<meta name=\"robots\" content=\"index, follow, max-snippet:-1, max-image-preview:large, max-video-preview:-1\" \/>\n<link rel=\"canonical\" href=\"https:\/\/www.saveourseeds.org\/de\/aktuelles\/gentechnik-in-natuerlichen-oekosystemen-vermeidet-iucn-ergebnisoffene-diskussion\/\" \/>\n<meta property=\"og:locale\" content=\"de_DE\" \/>\n<meta property=\"og:type\" content=\"article\" \/>\n<meta property=\"og:title\" content=\"Gentechnik und Naturschutz: vermeidet IUCN ergebnisoffene Diskussion?\" \/>\n<meta property=\"og:description\" content=\"Am 4. Oktober endete das Regionale Naturschutzforum der Weltnaturschutzunion (IUCN) f\u00fcr Europa, Nord- und Zentralasien im belgischen Br\u00fcgge. Es diente unter anderem zur Vorbereitung des IUCN-Weltnaturschutzkongresses 2025. \u00dcber den Entwurf einer IUCN-Position zum Einsatz von Gentechnik im Naturschutz wurde allerdings nicht diskutiert. Eine verpasste Chance, urteilten Save Our Seeds und die franz\u00f6sische Organisation POLLINIS.\" \/>\n<meta property=\"og:url\" content=\"https:\/\/www.saveourseeds.org\/de\/aktuelles\/gentechnik-in-natuerlichen-oekosystemen-vermeidet-iucn-ergebnisoffene-diskussion\/\" \/>\n<meta property=\"og:site_name\" content=\"Save Our Seeds\" \/>\n<meta property=\"article:published_time\" content=\"2024-10-10T11:21:00+00:00\" \/>\n<meta property=\"article:modified_time\" content=\"2025-07-18T15:26:37+00:00\" \/>\n<meta property=\"og:image\" content=\"https:\/\/www.saveourseeds.org\/wp-content\/uploads\/pexels-jackie-friedlander-1521968-6580468-scaled.jpg\" \/>\n\t<meta property=\"og:image:width\" content=\"1496\" \/>\n\t<meta property=\"og:image:height\" content=\"1920\" \/>\n\t<meta property=\"og:image:type\" content=\"image\/jpeg\" \/>\n<meta name=\"author\" content=\"Franziska\" \/>\n<meta name=\"twitter:card\" content=\"summary_large_image\" \/>\n<meta name=\"twitter:label1\" content=\"Verfasst von\" \/>\n\t<meta name=\"twitter:data1\" content=\"Franziska\" \/>\n\t<meta name=\"twitter:label2\" content=\"Gesch\u00e4tzte Lesezeit\" \/>\n\t<meta name=\"twitter:data2\" content=\"3\u00a0Minuten\" \/>\n<script type=\"application\/ld+json\" class=\"yoast-schema-graph\">{\"@context\":\"https:\/\/schema.org\",\"@graph\":[{\"@type\":\"Article\",\"@id\":\"https:\/\/www.saveourseeds.org\/de\/aktuelles\/gentechnik-in-natuerlichen-oekosystemen-vermeidet-iucn-ergebnisoffene-diskussion\/#article\",\"isPartOf\":{\"@id\":\"https:\/\/www.saveourseeds.org\/de\/aktuelles\/gentechnik-in-natuerlichen-oekosystemen-vermeidet-iucn-ergebnisoffene-diskussion\/\"},\"author\":{\"name\":\"Franziska\",\"@id\":\"https:\/\/www.saveourseeds.org\/de\/#\/schema\/person\/0345c6b181a100c2e3c454422aa8ca15\"},\"headline\":\"Gentechnik und Naturschutz: vermeidet IUCN ergebnisoffene Diskussion?\",\"datePublished\":\"2024-10-10T11:21:00+00:00\",\"dateModified\":\"2025-07-18T15:26:37+00:00\",\"mainEntityOfPage\":{\"@id\":\"https:\/\/www.saveourseeds.org\/de\/aktuelles\/gentechnik-in-natuerlichen-oekosystemen-vermeidet-iucn-ergebnisoffene-diskussion\/\"},\"wordCount\":472,\"publisher\":{\"@id\":\"https:\/\/www.saveourseeds.org\/de\/#organization\"},\"image\":{\"@id\":\"https:\/\/www.saveourseeds.org\/de\/aktuelles\/gentechnik-in-natuerlichen-oekosystemen-vermeidet-iucn-ergebnisoffene-diskussion\/#primaryimage\"},\"thumbnailUrl\":\"https:\/\/www.saveourseeds.org\/wp-content\/uploads\/pexels-jackie-friedlander-1521968-6580468-scaled.jpg\",\"keywords\":[\"Gene Drives\",\"IUCN\",\"Naturschutz\"],\"articleSection\":[\"Aktuelles\"],\"inLanguage\":\"de\"},{\"@type\":\"WebPage\",\"@id\":\"https:\/\/www.saveourseeds.org\/de\/aktuelles\/gentechnik-in-natuerlichen-oekosystemen-vermeidet-iucn-ergebnisoffene-diskussion\/\",\"url\":\"https:\/\/www.saveourseeds.org\/de\/aktuelles\/gentechnik-in-natuerlichen-oekosystemen-vermeidet-iucn-ergebnisoffene-diskussion\/\",\"name\":\"Gentechnik und Naturschutz: vermeidet IUCN ergebnisoffene Diskussion? - Save Our Seeds\",\"isPartOf\":{\"@id\":\"https:\/\/www.saveourseeds.org\/de\/#website\"},\"primaryImageOfPage\":{\"@id\":\"https:\/\/www.saveourseeds.org\/de\/aktuelles\/gentechnik-in-natuerlichen-oekosystemen-vermeidet-iucn-ergebnisoffene-diskussion\/#primaryimage\"},\"image\":{\"@id\":\"https:\/\/www.saveourseeds.org\/de\/aktuelles\/gentechnik-in-natuerlichen-oekosystemen-vermeidet-iucn-ergebnisoffene-diskussion\/#primaryimage\"},\"thumbnailUrl\":\"https:\/\/www.saveourseeds.org\/wp-content\/uploads\/pexels-jackie-friedlander-1521968-6580468-scaled.jpg\",\"datePublished\":\"2024-10-10T11:21:00+00:00\",\"dateModified\":\"2025-07-18T15:26:37+00:00\",\"description\":\"Am 4. Oktober endete das Regionale Naturschutzforum der Weltnaturschutzunion (IUCN) f\u00fcr Europa, Nord- und Zentralasien im belgischen Br\u00fcgge. Es diente unter anderem zur Vorbereitung des IUCN-Weltnaturschutzkongresses 2025. \u00dcber den Entwurf einer IUCN-Position zum Einsatz von Gentechnik im Naturschutz wurde allerdings nicht diskutiert. Eine verpasste Chance, urteilten Save Our Seeds und die franz\u00f6sische Organisation POLLINIS.\",\"breadcrumb\":{\"@id\":\"https:\/\/www.saveourseeds.org\/de\/aktuelles\/gentechnik-in-natuerlichen-oekosystemen-vermeidet-iucn-ergebnisoffene-diskussion\/#breadcrumb\"},\"inLanguage\":\"de\",\"potentialAction\":[{\"@type\":\"ReadAction\",\"target\":[\"https:\/\/www.saveourseeds.org\/de\/aktuelles\/gentechnik-in-natuerlichen-oekosystemen-vermeidet-iucn-ergebnisoffene-diskussion\/\"]}]},{\"@type\":\"ImageObject\",\"inLanguage\":\"de\",\"@id\":\"https:\/\/www.saveourseeds.org\/de\/aktuelles\/gentechnik-in-natuerlichen-oekosystemen-vermeidet-iucn-ergebnisoffene-diskussion\/#primaryimage\",\"url\":\"https:\/\/www.saveourseeds.org\/wp-content\/uploads\/pexels-jackie-friedlander-1521968-6580468-scaled.jpg\",\"contentUrl\":\"https:\/\/www.saveourseeds.org\/wp-content\/uploads\/pexels-jackie-friedlander-1521968-6580468-scaled.jpg\",\"width\":1496,\"height\":1920},{\"@type\":\"BreadcrumbList\",\"@id\":\"https:\/\/www.saveourseeds.org\/de\/aktuelles\/gentechnik-in-natuerlichen-oekosystemen-vermeidet-iucn-ergebnisoffene-diskussion\/#breadcrumb\",\"itemListElement\":[{\"@type\":\"ListItem\",\"position\":1,\"name\":\"Home\",\"item\":\"https:\/\/www.saveourseeds.org\/de\/\"},{\"@type\":\"ListItem\",\"position\":2,\"name\":\"Gentechnik und Naturschutz: vermeidet IUCN ergebnisoffene Diskussion?\"}]},{\"@type\":\"WebSite\",\"@id\":\"https:\/\/www.saveourseeds.org\/de\/#website\",\"url\":\"https:\/\/www.saveourseeds.org\/de\/\",\"name\":\"Save Our Seeds\",\"description\":\"\",\"publisher\":{\"@id\":\"https:\/\/www.saveourseeds.org\/de\/#organization\"},\"potentialAction\":[{\"@type\":\"SearchAction\",\"target\":{\"@type\":\"EntryPoint\",\"urlTemplate\":\"https:\/\/www.saveourseeds.org\/de\/?s={search_term_string}\"},\"query-input\":{\"@type\":\"PropertyValueSpecification\",\"valueRequired\":true,\"valueName\":\"search_term_string\"}}],\"inLanguage\":\"de\"},{\"@type\":\"Organization\",\"@id\":\"https:\/\/www.saveourseeds.org\/de\/#organization\",\"name\":\"Save Our Seeds\",\"url\":\"https:\/\/www.saveourseeds.org\/de\/\",\"logo\":{\"@type\":\"ImageObject\",\"inLanguage\":\"de\",\"@id\":\"https:\/\/www.saveourseeds.org\/de\/#\/schema\/logo\/image\/\",\"url\":\"https:\/\/www.saveourseeds.org\/wp-content\/uploads\/t3\/saveourseeds.png\",\"contentUrl\":\"https:\/\/www.saveourseeds.org\/wp-content\/uploads\/t3\/saveourseeds.png\",\"width\":185,\"height\":96,\"caption\":\"Save Our Seeds\"},\"image\":{\"@id\":\"https:\/\/www.saveourseeds.org\/de\/#\/schema\/logo\/image\/\"}},{\"@type\":\"Person\",\"@id\":\"https:\/\/www.saveourseeds.org\/de\/#\/schema\/person\/0345c6b181a100c2e3c454422aa8ca15\",\"name\":\"Franziska\",\"url\":\"https:\/\/www.saveourseeds.org\/de\/author\/franziska\/\"}]}<\/script>\n<!-- \/ Yoast SEO Premium plugin. -->","yoast_head_json":{"title":"Gentechnik und Naturschutz: vermeidet IUCN ergebnisoffene Diskussion? - Save Our Seeds","description":"Am 4. Oktober endete das Regionale Naturschutzforum der Weltnaturschutzunion (IUCN) f\u00fcr Europa, Nord- und Zentralasien im belgischen Br\u00fcgge. Es diente unter anderem zur Vorbereitung des IUCN-Weltnaturschutzkongresses 2025. \u00dcber den Entwurf einer IUCN-Position zum Einsatz von Gentechnik im Naturschutz wurde allerdings nicht diskutiert. Eine verpasste Chance, urteilten Save Our Seeds und die franz\u00f6sische Organisation POLLINIS.","robots":{"index":"index","follow":"follow","max-snippet":"max-snippet:-1","max-image-preview":"max-image-preview:large","max-video-preview":"max-video-preview:-1"},"canonical":"https:\/\/www.saveourseeds.org\/de\/aktuelles\/gentechnik-in-natuerlichen-oekosystemen-vermeidet-iucn-ergebnisoffene-diskussion\/","og_locale":"de_DE","og_type":"article","og_title":"Gentechnik und Naturschutz: vermeidet IUCN ergebnisoffene Diskussion?","og_description":"Am 4. Oktober endete das Regionale Naturschutzforum der Weltnaturschutzunion (IUCN) f\u00fcr Europa, Nord- und Zentralasien im belgischen Br\u00fcgge. Es diente unter anderem zur Vorbereitung des IUCN-Weltnaturschutzkongresses 2025. \u00dcber den Entwurf einer IUCN-Position zum Einsatz von Gentechnik im Naturschutz wurde allerdings nicht diskutiert. Eine verpasste Chance, urteilten Save Our Seeds und die franz\u00f6sische Organisation POLLINIS.","og_url":"https:\/\/www.saveourseeds.org\/de\/aktuelles\/gentechnik-in-natuerlichen-oekosystemen-vermeidet-iucn-ergebnisoffene-diskussion\/","og_site_name":"Save Our Seeds","article_published_time":"2024-10-10T11:21:00+00:00","article_modified_time":"2025-07-18T15:26:37+00:00","og_image":[{"width":1496,"height":1920,"url":"https:\/\/www.saveourseeds.org\/wp-content\/uploads\/pexels-jackie-friedlander-1521968-6580468-scaled.jpg","type":"image\/jpeg"}],"author":"Franziska","twitter_card":"summary_large_image","twitter_misc":{"Verfasst von":"Franziska","Gesch\u00e4tzte Lesezeit":"3\u00a0Minuten"},"schema":{"@context":"https:\/\/schema.org","@graph":[{"@type":"Article","@id":"https:\/\/www.saveourseeds.org\/de\/aktuelles\/gentechnik-in-natuerlichen-oekosystemen-vermeidet-iucn-ergebnisoffene-diskussion\/#article","isPartOf":{"@id":"https:\/\/www.saveourseeds.org\/de\/aktuelles\/gentechnik-in-natuerlichen-oekosystemen-vermeidet-iucn-ergebnisoffene-diskussion\/"},"author":{"name":"Franziska","@id":"https:\/\/www.saveourseeds.org\/de\/#\/schema\/person\/0345c6b181a100c2e3c454422aa8ca15"},"headline":"Gentechnik und Naturschutz: vermeidet IUCN ergebnisoffene Diskussion?","datePublished":"2024-10-10T11:21:00+00:00","dateModified":"2025-07-18T15:26:37+00:00","mainEntityOfPage":{"@id":"https:\/\/www.saveourseeds.org\/de\/aktuelles\/gentechnik-in-natuerlichen-oekosystemen-vermeidet-iucn-ergebnisoffene-diskussion\/"},"wordCount":472,"publisher":{"@id":"https:\/\/www.saveourseeds.org\/de\/#organization"},"image":{"@id":"https:\/\/www.saveourseeds.org\/de\/aktuelles\/gentechnik-in-natuerlichen-oekosystemen-vermeidet-iucn-ergebnisoffene-diskussion\/#primaryimage"},"thumbnailUrl":"https:\/\/www.saveourseeds.org\/wp-content\/uploads\/pexels-jackie-friedlander-1521968-6580468-scaled.jpg","keywords":["Gene Drives","IUCN","Naturschutz"],"articleSection":["Aktuelles"],"inLanguage":"de"},{"@type":"WebPage","@id":"https:\/\/www.saveourseeds.org\/de\/aktuelles\/gentechnik-in-natuerlichen-oekosystemen-vermeidet-iucn-ergebnisoffene-diskussion\/","url":"https:\/\/www.saveourseeds.org\/de\/aktuelles\/gentechnik-in-natuerlichen-oekosystemen-vermeidet-iucn-ergebnisoffene-diskussion\/","name":"Gentechnik und Naturschutz: vermeidet IUCN ergebnisoffene Diskussion? - Save Our Seeds","isPartOf":{"@id":"https:\/\/www.saveourseeds.org\/de\/#website"},"primaryImageOfPage":{"@id":"https:\/\/www.saveourseeds.org\/de\/aktuelles\/gentechnik-in-natuerlichen-oekosystemen-vermeidet-iucn-ergebnisoffene-diskussion\/#primaryimage"},"image":{"@id":"https:\/\/www.saveourseeds.org\/de\/aktuelles\/gentechnik-in-natuerlichen-oekosystemen-vermeidet-iucn-ergebnisoffene-diskussion\/#primaryimage"},"thumbnailUrl":"https:\/\/www.saveourseeds.org\/wp-content\/uploads\/pexels-jackie-friedlander-1521968-6580468-scaled.jpg","datePublished":"2024-10-10T11:21:00+00:00","dateModified":"2025-07-18T15:26:37+00:00","description":"Am 4. Oktober endete das Regionale Naturschutzforum der Weltnaturschutzunion (IUCN) f\u00fcr Europa, Nord- und Zentralasien im belgischen Br\u00fcgge. Es diente unter anderem zur Vorbereitung des IUCN-Weltnaturschutzkongresses 2025. \u00dcber den Entwurf einer IUCN-Position zum Einsatz von Gentechnik im Naturschutz wurde allerdings nicht diskutiert. Eine verpasste Chance, urteilten Save Our Seeds und die franz\u00f6sische Organisation POLLINIS.","breadcrumb":{"@id":"https:\/\/www.saveourseeds.org\/de\/aktuelles\/gentechnik-in-natuerlichen-oekosystemen-vermeidet-iucn-ergebnisoffene-diskussion\/#breadcrumb"},"inLanguage":"de","potentialAction":[{"@type":"ReadAction","target":["https:\/\/www.saveourseeds.org\/de\/aktuelles\/gentechnik-in-natuerlichen-oekosystemen-vermeidet-iucn-ergebnisoffene-diskussion\/"]}]},{"@type":"ImageObject","inLanguage":"de","@id":"https:\/\/www.saveourseeds.org\/de\/aktuelles\/gentechnik-in-natuerlichen-oekosystemen-vermeidet-iucn-ergebnisoffene-diskussion\/#primaryimage","url":"https:\/\/www.saveourseeds.org\/wp-content\/uploads\/pexels-jackie-friedlander-1521968-6580468-scaled.jpg","contentUrl":"https:\/\/www.saveourseeds.org\/wp-content\/uploads\/pexels-jackie-friedlander-1521968-6580468-scaled.jpg","width":1496,"height":1920},{"@type":"BreadcrumbList","@id":"https:\/\/www.saveourseeds.org\/de\/aktuelles\/gentechnik-in-natuerlichen-oekosystemen-vermeidet-iucn-ergebnisoffene-diskussion\/#breadcrumb","itemListElement":[{"@type":"ListItem","position":1,"name":"Home","item":"https:\/\/www.saveourseeds.org\/de\/"},{"@type":"ListItem","position":2,"name":"Gentechnik und Naturschutz: vermeidet IUCN ergebnisoffene Diskussion?"}]},{"@type":"WebSite","@id":"https:\/\/www.saveourseeds.org\/de\/#website","url":"https:\/\/www.saveourseeds.org\/de\/","name":"Save Our Seeds","description":"","publisher":{"@id":"https:\/\/www.saveourseeds.org\/de\/#organization"},"potentialAction":[{"@type":"SearchAction","target":{"@type":"EntryPoint","urlTemplate":"https:\/\/www.saveourseeds.org\/de\/?s={search_term_string}"},"query-input":{"@type":"PropertyValueSpecification","valueRequired":true,"valueName":"search_term_string"}}],"inLanguage":"de"},{"@type":"Organization","@id":"https:\/\/www.saveourseeds.org\/de\/#organization","name":"Save Our Seeds","url":"https:\/\/www.saveourseeds.org\/de\/","logo":{"@type":"ImageObject","inLanguage":"de","@id":"https:\/\/www.saveourseeds.org\/de\/#\/schema\/logo\/image\/","url":"https:\/\/www.saveourseeds.org\/wp-content\/uploads\/t3\/saveourseeds.png","contentUrl":"https:\/\/www.saveourseeds.org\/wp-content\/uploads\/t3\/saveourseeds.png","width":185,"height":96,"caption":"Save Our Seeds"},"image":{"@id":"https:\/\/www.saveourseeds.org\/de\/#\/schema\/logo\/image\/"}},{"@type":"Person","@id":"https:\/\/www.saveourseeds.org\/de\/#\/schema\/person\/0345c6b181a100c2e3c454422aa8ca15","name":"Franziska","url":"https:\/\/www.saveourseeds.org\/de\/author\/franziska\/"}]}},"_links":{"self":[{"href":"https:\/\/www.saveourseeds.org\/de\/wp-json\/wp\/v2\/posts\/5049","targetHints":{"allow":["GET"]}}],"collection":[{"href":"https:\/\/www.saveourseeds.org\/de\/wp-json\/wp\/v2\/posts"}],"about":[{"href":"https:\/\/www.saveourseeds.org\/de\/wp-json\/wp\/v2\/types\/post"}],"author":[{"embeddable":true,"href":"https:\/\/www.saveourseeds.org\/de\/wp-json\/wp\/v2\/users\/3"}],"replies":[{"embeddable":true,"href":"https:\/\/www.saveourseeds.org\/de\/wp-json\/wp\/v2\/comments?post=5049"}],"version-history":[{"count":4,"href":"https:\/\/www.saveourseeds.org\/de\/wp-json\/wp\/v2\/posts\/5049\/revisions"}],"predecessor-version":[{"id":5058,"href":"https:\/\/www.saveourseeds.org\/de\/wp-json\/wp\/v2\/posts\/5049\/revisions\/5058"}],"wp:featuredmedia":[{"embeddable":true,"href":"https:\/\/www.saveourseeds.org\/de\/wp-json\/wp\/v2\/media\/5054"}],"wp:attachment":[{"href":"https:\/\/www.saveourseeds.org\/de\/wp-json\/wp\/v2\/media?parent=5049"}],"wp:term":[{"taxonomy":"category","embeddable":true,"href":"https:\/\/www.saveourseeds.org\/de\/wp-json\/wp\/v2\/categories?post=5049"},{"taxonomy":"post_tag","embeddable":true,"href":"https:\/\/www.saveourseeds.org\/de\/wp-json\/wp\/v2\/tags?post=5049"}],"curies":[{"name":"wp","href":"https:\/\/api.w.org\/{rel}","templated":true}]}}