{"id":4614,"date":"2024-02-07T17:00:00","date_gmt":"2024-02-07T17:00:00","guid":{"rendered":"https:\/\/www.saveourseeds.org\/?p=4614"},"modified":"2025-05-21T14:47:30","modified_gmt":"2025-05-21T14:47:30","slug":"eu-parlament-knapp-fuer-gmo-deregulierung","status":"publish","type":"post","link":"https:\/\/www.saveourseeds.org\/de\/aktuelles\/eu-parlament-knapp-fuer-gmo-deregulierung\/","title":{"rendered":"EU Parlament knapp f\u00fcr GMO-Deregulierung"},"content":{"rendered":"\n<p>Knap\u00adper als zuletzt bef\u00fcrch\u00adtet stimm\u00adte das Euro\u00adp\u00e4i\u00adsche Par\u00adla\u00adment mit einer Mehr\u00adheit von Christ\u00adde\u00admo\u00adkra\u00adten, Libe\u00adra\u00adlen und mehr oder weni\u00adger extre\u00admen Rech\u00adten f\u00fcr den Dere\u00adgu\u00adlie\u00adrungs\u00advor\u00adschlag der EU-Kom\u00admis\u00adsi\u00adon im Umgang mit neu\u00aden Gen\u00adtech\u00adni\u00adken. An eini\u00adgen Stel\u00adlen wol\u00adlen die Par\u00adla\u00admen\u00adta\u00adri\u00ader sogar noch wei\u00adter gehen als die Kom\u00admis\u00adsi\u00adon. Ihre Defi\u00adni\u00adti\u00adon der Gen\u00adtech\u00adnik-Kon\u00adstruk\u00adte, die nicht mehr sicher\u00adheits\u00adge\u00adpr\u00fcft wer\u00adden m\u00fcs\u00adsen, ist noch etwas aben\u00adteu\u00ader\u00adli\u00adcher als die der Kom\u00admis\u00adsi\u00adon. Ande\u00adrer\u00adseits for\u00addert das Par\u00adla\u00adment zum \u00c4rger der Indus\u00adtrie eine Kenn\u00adzeich\u00adnung und R\u00fcck\u00adver\u00adfolg\u00adbar\u00adkeit. Die gute Nach\u00adricht: Die Ver\u00adtre\u00adter der Regie\u00adrun\u00adgen konn\u00adten sich am glei\u00adchen Tag auf kei\u00adnen gemein\u00adsa\u00admen Stand\u00adpunkt zu der Ver\u00adord\u00adnung einigen.Hier unser ers\u00adter Kom\u00admen\u00adtar<\/p>\n\n\n\n<p>Das heu\u00adti\u00adge Votum des Euro\u00adp\u00e4i\u00adschen Par\u00adla\u00admen\u00adtes f\u00fcr die Dere\u00adgu\u00adlie\u00adrung des bis\u00adhe\u00adri\u00adgen Gen\u00adtech\u00adnik\u00adrechts der EU war eine trau\u00adri\u00adge Nach\u00adricht f\u00fcr Euro\u00adpas Land\u00adwirt\u00adschaft und Umwelt, f\u00fcr die Wahl\u00adfrei\u00adheit der Ver\u00adbrau\u00adche\u00adrin\u00adnen und Ver\u00adbrau\u00adcher Euro\u00adpas, f\u00fcr das Vor\u00adsor\u00adge\u00adprin\u00adzip und f\u00fcr einen auf\u00adge\u00adkl\u00e4r\u00adten und kri\u00adti\u00adschen Umgang mit neu\u00aden Tech\u00adno\u00adlo\u00adgien sowie den respekt\u00advol\u00adlen Umgang mit unter\u00adschied\u00adli\u00adchen Anbau- und Ern\u00e4h\u00adrungs\u00adfor\u00admen.<\/p>\n\n\n\n<p>Doch die \u00fcber\u00adra\u00adschend knap\u00adpe und teil\u00adwei\u00adse auch wider\u00adspr\u00fcch\u00adli\u00adche Ent\u00adschei\u00addung des Par\u00adla\u00admen\u00adtes heu\u00adte ist noch nicht das Ende der Aus\u00adein\u00adan\u00adder\u00adset\u00adzung um Ehr\u00adlich\u00adkeit, Vor\u00adsor\u00adge und Trans\u00adpa\u00adrenz beim Ein\u00adsatz der Gen\u00adtech\u00adnik auf Euro\u00adpas \u00c4ckern und Tel\u00adlern. Sie hat in der brei\u00adte\u00adren \u00d6ffent\u00adlich\u00adkeit gera\u00adde erst begon\u00adnen.<\/p>\n\n\n\n<p>Mit eben\u00adfalls knap\u00adper Mehr\u00adheit for\u00adder\u00adte das EP heu\u00adte immer\u00adhin eine Kenn\u00adzeich\u00adnung aller neu\u00aden Gen\u00adtech\u00adnik\u00adpro\u00adduk\u00adte. Das ist eine schwe\u00adre Schlap\u00adpe f\u00fcr die ansons\u00adten so erfolg\u00adrei\u00adche Kam\u00adpa\u00adgne der Indus\u00adtrie-Lob\u00adby, die im Vor\u00adfeld gera\u00adde die Kenn\u00adzeich\u00adnung und damit Wahl\u00adfrei\u00adheit der Ver\u00adbrau\u00adcher mit einem Ver\u00adbot der Ver\u00admark\u00adtung ihrer Pro\u00adduk\u00adte gleich\u00adsetz\u00adte. Auch die For\u00adde\u00adrung des Par\u00adla\u00adments, die neu\u00aden Gen\u00adtech\u00adnik\u00adpro\u00adduk\u00adte r\u00fcck\u00adver\u00adfolg\u00adbar zu machen und auch wie\u00adder ver\u00adbie\u00adten zu k\u00f6n\u00adnen, wenn Zwei\u00adfel an ihrer Sicher\u00adheit auf\u00adtau\u00adchen, ist nicht im Sin\u00adne der Initia\u00adto\u00adren der Dere\u00adgu\u00adlie\u00adrung.<\/p>\n\n\n\n<p>Die gute Nach\u00adricht des Tages ist jedoch, dass die Mit\u00adglieds\u00adstaa\u00adten im Rat ihrer St\u00e4n\u00addi\u00adgen Ver\u00adtre\u00adter sich nicht auf eine gemein\u00adsa\u00adme Posi\u00adti\u00adon zu dem Dere\u00adgu\u00adlie\u00adrungs\u00advor\u00adschlag der EU Kom\u00admis\u00adsi\u00adon eini\u00adgen konn\u00adten. Damit ist die \u00dcber\u00adrum\u00adpe\u00adlungs-Stra\u00adte\u00adgie der Indus\u00adtrie und der mit ihr ver\u00adb\u00fcn\u00adde\u00adten, anti-\u00f6ko\u00adlo\u00adgi\u00adschen Front von Christ\u00adde\u00admo\u00adkra\u00adten, Libe\u00adra\u00adlen und mehr oder weni\u00adger extre\u00admen Rech\u00adten geschei\u00adtert. Die Ent\u00adschei\u00addung wird wohl erst nach den Neu\u00adwah\u00adlen und der Som\u00admer\u00adpau\u00adse fal\u00adlen.<\/p>\n\n\n\n<p>In die\u00adser Zeit wird die zuletzt immer deut\u00adli\u00adche\u00adre wis\u00adsen\u00adschaft\u00adli\u00adche Kri\u00adtik an dem Kon\u00adzept der Kom\u00admis\u00adsi\u00adon und des Par\u00adla\u00admen\u00adtes wei\u00adter ver\u00adtieft. Das wenig glaub\u00adhaf\u00adte Ver\u00adspre\u00adchen, die Paten\u00adtie\u00adrung von Gen\u00adtech\u00adnik-Saat\u00adgut ver\u00adhin\u00addern zu k\u00f6n\u00adnen, wird recht\u00adlich gepr\u00fcft. Es bleibt Zeit, die tat\u00ads\u00e4ch\u00adli\u00adchen Risi\u00adken und m\u00f6g\u00adli\u00adchen Fol\u00adgen einer kom\u00adplet\u00adten Dere\u00adgu\u00adlie\u00adrung gr\u00fcnd\u00adlich zu \u00fcber\u00adden\u00adken. Im Wahl\u00adkampf wer\u00adden Mil\u00adlio\u00adnen W\u00e4h\u00adle\u00adrin\u00adnen und W\u00e4h\u00adlern die Posi\u00adti\u00adon ihrer Abge\u00adord\u00adne\u00adten hin\u00adter\u00adfra\u00adgen k\u00f6n\u00adnen.<\/p>\n\n\n\n<p>Es bleibt bei aller Ent\u00adt\u00e4u\u00adschung \u00fcber die knap\u00adpe Kampf\u00adab\u00adstim\u00admung heu\u00adte also durch\u00adaus Hoff\u00adnung, den geplan\u00adten Durch\u00admarsch der Gen\u00adtech\u00adnik-Indus\u00adtrie zu stop\u00adpen. Immer\u00adhin hat der heu\u00adti\u00adge Tag deut\u00adlich gemacht, dass nicht nur die Mehr\u00adheit der Bev\u00f6l\u00adke\u00adrung Euro\u00adpas, son\u00addern auch eine star\u00adke Min\u00adder\u00adheit in ihrem Par\u00adla\u00adment sich wei\u00adter\u00adhin f\u00fcr Wahl\u00adfrei\u00adheit, Vor\u00adsor\u00adge und Respekt vor der Land\u00adwirt\u00adschaft und ihren unter\u00adschied\u00adli\u00adchen Anbau\u00adme\u00adtho\u00adden ein\u00adsetzt. Wir wer\u00adden uns nach Kr\u00e4f\u00adten bem\u00fc\u00adhen, letzt\u00adlich doch noch der Ver\u00adnunft und der Ver\u00adst\u00e4n\u00addi\u00adgung im demo\u00adkra\u00adti\u00adschen Umgang mit den neu\u00aden Gen\u00adtech\u00adni\u00adken zum Erfolg zu ver\u00adhel\u00adfen.<\/p>\n","protected":false},"excerpt":{"rendered":"<p>Knap\u00adper als zuletzt bef\u00fcrch\u00adtet stimm\u00adte das Euro\u00adp\u00e4i\u00adsche Par\u00adla\u00adment mit einer Mehr\u00adheit von Christ\u00adde\u00admo\u00adkra\u00adten, Libe\u00adra\u00adlen und mehr oder weni\u00adger extre\u00admen Rech\u00adten f\u00fcr den Dere\u00adgu\u00adlie\u00adrungs\u00advor\u00adschlag der EU-Kom\u00admis\u00adsi\u00adon im Umgang mit neu\u00aden Gen\u00adtech\u00adni\u00adken. <\/p>\n","protected":false},"author":3,"featured_media":4615,"comment_status":"closed","ping_status":"closed","sticky":false,"template":"","format":"standard","meta":{"wp_typography_post_enhancements_disabled":false,"footnotes":""},"categories":[11],"tags":[19],"class_list":["post-4614","post","type-post","status-publish","format-standard","has-post-thumbnail","hentry","category-aktuelles","tag-eu"],"yoast_head":"<!-- This site is optimized with the Yoast SEO Premium plugin v26.5 (Yoast SEO v26.5) - https:\/\/yoast.com\/wordpress\/plugins\/seo\/ -->\n<title>EU Parlament knapp f\u00fcr GMO-Deregulierung - Save Our Seeds<\/title>\n<meta name=\"description\" content=\"Knapper als zuletzt bef\u00fcrchtet stimmte das Europ\u00e4ische Parlament mit einer Mehrheit von Christdemokraten, Liberalen und mehr oder weniger extremen Rechten f\u00fcr den Deregulierungsvorschlag der EU-Kommission im Umgang mit neuen Gentechniken.\" \/>\n<meta name=\"robots\" content=\"index, follow, max-snippet:-1, max-image-preview:large, max-video-preview:-1\" \/>\n<link rel=\"canonical\" href=\"https:\/\/www.saveourseeds.org\/de\/aktuelles\/eu-parlament-knapp-fuer-gmo-deregulierung\/\" \/>\n<meta property=\"og:locale\" content=\"de_DE\" \/>\n<meta property=\"og:type\" content=\"article\" \/>\n<meta property=\"og:title\" content=\"EU Parlament knapp f\u00fcr GMO-Deregulierung\" \/>\n<meta property=\"og:description\" content=\"Knapper als zuletzt bef\u00fcrchtet stimmte das Europ\u00e4ische Parlament mit einer Mehrheit von Christdemokraten, Liberalen und mehr oder weniger extremen Rechten f\u00fcr den Deregulierungsvorschlag der EU-Kommission im Umgang mit neuen Gentechniken.\" \/>\n<meta property=\"og:url\" content=\"https:\/\/www.saveourseeds.org\/de\/aktuelles\/eu-parlament-knapp-fuer-gmo-deregulierung\/\" \/>\n<meta property=\"og:site_name\" content=\"Save Our Seeds\" \/>\n<meta property=\"article:published_time\" content=\"2024-02-07T17:00:00+00:00\" \/>\n<meta property=\"article:modified_time\" content=\"2025-05-21T14:47:30+00:00\" \/>\n<meta property=\"og:image\" content=\"https:\/\/www.saveourseeds.org\/wp-content\/uploads\/pexels-artur-roman-158558-539746-scaled.jpg\" \/>\n\t<meta property=\"og:image:width\" content=\"1920\" \/>\n\t<meta property=\"og:image:height\" content=\"1280\" \/>\n\t<meta property=\"og:image:type\" content=\"image\/jpeg\" \/>\n<meta name=\"author\" content=\"Franziska\" \/>\n<meta name=\"twitter:card\" content=\"summary_large_image\" \/>\n<meta name=\"twitter:label1\" content=\"Verfasst von\" \/>\n\t<meta name=\"twitter:data1\" content=\"Franziska\" \/>\n\t<meta name=\"twitter:label2\" content=\"Gesch\u00e4tzte Lesezeit\" \/>\n\t<meta name=\"twitter:data2\" content=\"3\u00a0Minuten\" \/>\n<script type=\"application\/ld+json\" class=\"yoast-schema-graph\">{\"@context\":\"https:\/\/schema.org\",\"@graph\":[{\"@type\":\"Article\",\"@id\":\"https:\/\/www.saveourseeds.org\/de\/aktuelles\/eu-parlament-knapp-fuer-gmo-deregulierung\/#article\",\"isPartOf\":{\"@id\":\"https:\/\/www.saveourseeds.org\/de\/aktuelles\/eu-parlament-knapp-fuer-gmo-deregulierung\/\"},\"author\":{\"name\":\"Franziska\",\"@id\":\"https:\/\/www.saveourseeds.org\/de\/#\/schema\/person\/0345c6b181a100c2e3c454422aa8ca15\"},\"headline\":\"EU Parlament knapp f\u00fcr GMO-Deregulierung\",\"datePublished\":\"2024-02-07T17:00:00+00:00\",\"dateModified\":\"2025-05-21T14:47:30+00:00\",\"mainEntityOfPage\":{\"@id\":\"https:\/\/www.saveourseeds.org\/de\/aktuelles\/eu-parlament-knapp-fuer-gmo-deregulierung\/\"},\"wordCount\":519,\"publisher\":{\"@id\":\"https:\/\/www.saveourseeds.org\/de\/#organization\"},\"image\":{\"@id\":\"https:\/\/www.saveourseeds.org\/de\/aktuelles\/eu-parlament-knapp-fuer-gmo-deregulierung\/#primaryimage\"},\"thumbnailUrl\":\"https:\/\/www.saveourseeds.org\/wp-content\/uploads\/pexels-artur-roman-158558-539746-scaled.jpg\",\"keywords\":[\"EU\"],\"articleSection\":[\"Aktuelles\"],\"inLanguage\":\"de\"},{\"@type\":\"WebPage\",\"@id\":\"https:\/\/www.saveourseeds.org\/de\/aktuelles\/eu-parlament-knapp-fuer-gmo-deregulierung\/\",\"url\":\"https:\/\/www.saveourseeds.org\/de\/aktuelles\/eu-parlament-knapp-fuer-gmo-deregulierung\/\",\"name\":\"EU Parlament knapp f\u00fcr GMO-Deregulierung - Save Our Seeds\",\"isPartOf\":{\"@id\":\"https:\/\/www.saveourseeds.org\/de\/#website\"},\"primaryImageOfPage\":{\"@id\":\"https:\/\/www.saveourseeds.org\/de\/aktuelles\/eu-parlament-knapp-fuer-gmo-deregulierung\/#primaryimage\"},\"image\":{\"@id\":\"https:\/\/www.saveourseeds.org\/de\/aktuelles\/eu-parlament-knapp-fuer-gmo-deregulierung\/#primaryimage\"},\"thumbnailUrl\":\"https:\/\/www.saveourseeds.org\/wp-content\/uploads\/pexels-artur-roman-158558-539746-scaled.jpg\",\"datePublished\":\"2024-02-07T17:00:00+00:00\",\"dateModified\":\"2025-05-21T14:47:30+00:00\",\"description\":\"Knapper als zuletzt bef\u00fcrchtet stimmte das Europ\u00e4ische Parlament mit einer Mehrheit von Christdemokraten, Liberalen und mehr oder weniger extremen Rechten f\u00fcr den Deregulierungsvorschlag der EU-Kommission im Umgang mit neuen Gentechniken.\",\"breadcrumb\":{\"@id\":\"https:\/\/www.saveourseeds.org\/de\/aktuelles\/eu-parlament-knapp-fuer-gmo-deregulierung\/#breadcrumb\"},\"inLanguage\":\"de\",\"potentialAction\":[{\"@type\":\"ReadAction\",\"target\":[\"https:\/\/www.saveourseeds.org\/de\/aktuelles\/eu-parlament-knapp-fuer-gmo-deregulierung\/\"]}]},{\"@type\":\"ImageObject\",\"inLanguage\":\"de\",\"@id\":\"https:\/\/www.saveourseeds.org\/de\/aktuelles\/eu-parlament-knapp-fuer-gmo-deregulierung\/#primaryimage\",\"url\":\"https:\/\/www.saveourseeds.org\/wp-content\/uploads\/pexels-artur-roman-158558-539746-scaled.jpg\",\"contentUrl\":\"https:\/\/www.saveourseeds.org\/wp-content\/uploads\/pexels-artur-roman-158558-539746-scaled.jpg\",\"width\":1920,\"height\":1280},{\"@type\":\"BreadcrumbList\",\"@id\":\"https:\/\/www.saveourseeds.org\/de\/aktuelles\/eu-parlament-knapp-fuer-gmo-deregulierung\/#breadcrumb\",\"itemListElement\":[{\"@type\":\"ListItem\",\"position\":1,\"name\":\"Home\",\"item\":\"https:\/\/www.saveourseeds.org\/de\/\"},{\"@type\":\"ListItem\",\"position\":2,\"name\":\"EU Parlament knapp f\u00fcr GMO-Deregulierung\"}]},{\"@type\":\"WebSite\",\"@id\":\"https:\/\/www.saveourseeds.org\/de\/#website\",\"url\":\"https:\/\/www.saveourseeds.org\/de\/\",\"name\":\"Save Our Seeds\",\"description\":\"\",\"publisher\":{\"@id\":\"https:\/\/www.saveourseeds.org\/de\/#organization\"},\"potentialAction\":[{\"@type\":\"SearchAction\",\"target\":{\"@type\":\"EntryPoint\",\"urlTemplate\":\"https:\/\/www.saveourseeds.org\/de\/?s={search_term_string}\"},\"query-input\":{\"@type\":\"PropertyValueSpecification\",\"valueRequired\":true,\"valueName\":\"search_term_string\"}}],\"inLanguage\":\"de\"},{\"@type\":\"Organization\",\"@id\":\"https:\/\/www.saveourseeds.org\/de\/#organization\",\"name\":\"Save Our Seeds\",\"url\":\"https:\/\/www.saveourseeds.org\/de\/\",\"logo\":{\"@type\":\"ImageObject\",\"inLanguage\":\"de\",\"@id\":\"https:\/\/www.saveourseeds.org\/de\/#\/schema\/logo\/image\/\",\"url\":\"https:\/\/www.saveourseeds.org\/wp-content\/uploads\/t3\/saveourseeds.png\",\"contentUrl\":\"https:\/\/www.saveourseeds.org\/wp-content\/uploads\/t3\/saveourseeds.png\",\"width\":185,\"height\":96,\"caption\":\"Save Our Seeds\"},\"image\":{\"@id\":\"https:\/\/www.saveourseeds.org\/de\/#\/schema\/logo\/image\/\"}},{\"@type\":\"Person\",\"@id\":\"https:\/\/www.saveourseeds.org\/de\/#\/schema\/person\/0345c6b181a100c2e3c454422aa8ca15\",\"name\":\"Franziska\",\"url\":\"https:\/\/www.saveourseeds.org\/de\/author\/franziska\/\"}]}<\/script>\n<!-- \/ Yoast SEO Premium plugin. -->","yoast_head_json":{"title":"EU Parlament knapp f\u00fcr GMO-Deregulierung - Save Our Seeds","description":"Knapper als zuletzt bef\u00fcrchtet stimmte das Europ\u00e4ische Parlament mit einer Mehrheit von Christdemokraten, Liberalen und mehr oder weniger extremen Rechten f\u00fcr den Deregulierungsvorschlag der EU-Kommission im Umgang mit neuen Gentechniken.","robots":{"index":"index","follow":"follow","max-snippet":"max-snippet:-1","max-image-preview":"max-image-preview:large","max-video-preview":"max-video-preview:-1"},"canonical":"https:\/\/www.saveourseeds.org\/de\/aktuelles\/eu-parlament-knapp-fuer-gmo-deregulierung\/","og_locale":"de_DE","og_type":"article","og_title":"EU Parlament knapp f\u00fcr GMO-Deregulierung","og_description":"Knapper als zuletzt bef\u00fcrchtet stimmte das Europ\u00e4ische Parlament mit einer Mehrheit von Christdemokraten, Liberalen und mehr oder weniger extremen Rechten f\u00fcr den Deregulierungsvorschlag der EU-Kommission im Umgang mit neuen Gentechniken.","og_url":"https:\/\/www.saveourseeds.org\/de\/aktuelles\/eu-parlament-knapp-fuer-gmo-deregulierung\/","og_site_name":"Save Our Seeds","article_published_time":"2024-02-07T17:00:00+00:00","article_modified_time":"2025-05-21T14:47:30+00:00","og_image":[{"width":1920,"height":1280,"url":"https:\/\/www.saveourseeds.org\/wp-content\/uploads\/pexels-artur-roman-158558-539746-scaled.jpg","type":"image\/jpeg"}],"author":"Franziska","twitter_card":"summary_large_image","twitter_misc":{"Verfasst von":"Franziska","Gesch\u00e4tzte Lesezeit":"3\u00a0Minuten"},"schema":{"@context":"https:\/\/schema.org","@graph":[{"@type":"Article","@id":"https:\/\/www.saveourseeds.org\/de\/aktuelles\/eu-parlament-knapp-fuer-gmo-deregulierung\/#article","isPartOf":{"@id":"https:\/\/www.saveourseeds.org\/de\/aktuelles\/eu-parlament-knapp-fuer-gmo-deregulierung\/"},"author":{"name":"Franziska","@id":"https:\/\/www.saveourseeds.org\/de\/#\/schema\/person\/0345c6b181a100c2e3c454422aa8ca15"},"headline":"EU Parlament knapp f\u00fcr GMO-Deregulierung","datePublished":"2024-02-07T17:00:00+00:00","dateModified":"2025-05-21T14:47:30+00:00","mainEntityOfPage":{"@id":"https:\/\/www.saveourseeds.org\/de\/aktuelles\/eu-parlament-knapp-fuer-gmo-deregulierung\/"},"wordCount":519,"publisher":{"@id":"https:\/\/www.saveourseeds.org\/de\/#organization"},"image":{"@id":"https:\/\/www.saveourseeds.org\/de\/aktuelles\/eu-parlament-knapp-fuer-gmo-deregulierung\/#primaryimage"},"thumbnailUrl":"https:\/\/www.saveourseeds.org\/wp-content\/uploads\/pexels-artur-roman-158558-539746-scaled.jpg","keywords":["EU"],"articleSection":["Aktuelles"],"inLanguage":"de"},{"@type":"WebPage","@id":"https:\/\/www.saveourseeds.org\/de\/aktuelles\/eu-parlament-knapp-fuer-gmo-deregulierung\/","url":"https:\/\/www.saveourseeds.org\/de\/aktuelles\/eu-parlament-knapp-fuer-gmo-deregulierung\/","name":"EU Parlament knapp f\u00fcr GMO-Deregulierung - Save Our Seeds","isPartOf":{"@id":"https:\/\/www.saveourseeds.org\/de\/#website"},"primaryImageOfPage":{"@id":"https:\/\/www.saveourseeds.org\/de\/aktuelles\/eu-parlament-knapp-fuer-gmo-deregulierung\/#primaryimage"},"image":{"@id":"https:\/\/www.saveourseeds.org\/de\/aktuelles\/eu-parlament-knapp-fuer-gmo-deregulierung\/#primaryimage"},"thumbnailUrl":"https:\/\/www.saveourseeds.org\/wp-content\/uploads\/pexels-artur-roman-158558-539746-scaled.jpg","datePublished":"2024-02-07T17:00:00+00:00","dateModified":"2025-05-21T14:47:30+00:00","description":"Knapper als zuletzt bef\u00fcrchtet stimmte das Europ\u00e4ische Parlament mit einer Mehrheit von Christdemokraten, Liberalen und mehr oder weniger extremen Rechten f\u00fcr den Deregulierungsvorschlag der EU-Kommission im Umgang mit neuen Gentechniken.","breadcrumb":{"@id":"https:\/\/www.saveourseeds.org\/de\/aktuelles\/eu-parlament-knapp-fuer-gmo-deregulierung\/#breadcrumb"},"inLanguage":"de","potentialAction":[{"@type":"ReadAction","target":["https:\/\/www.saveourseeds.org\/de\/aktuelles\/eu-parlament-knapp-fuer-gmo-deregulierung\/"]}]},{"@type":"ImageObject","inLanguage":"de","@id":"https:\/\/www.saveourseeds.org\/de\/aktuelles\/eu-parlament-knapp-fuer-gmo-deregulierung\/#primaryimage","url":"https:\/\/www.saveourseeds.org\/wp-content\/uploads\/pexels-artur-roman-158558-539746-scaled.jpg","contentUrl":"https:\/\/www.saveourseeds.org\/wp-content\/uploads\/pexels-artur-roman-158558-539746-scaled.jpg","width":1920,"height":1280},{"@type":"BreadcrumbList","@id":"https:\/\/www.saveourseeds.org\/de\/aktuelles\/eu-parlament-knapp-fuer-gmo-deregulierung\/#breadcrumb","itemListElement":[{"@type":"ListItem","position":1,"name":"Home","item":"https:\/\/www.saveourseeds.org\/de\/"},{"@type":"ListItem","position":2,"name":"EU Parlament knapp f\u00fcr GMO-Deregulierung"}]},{"@type":"WebSite","@id":"https:\/\/www.saveourseeds.org\/de\/#website","url":"https:\/\/www.saveourseeds.org\/de\/","name":"Save Our Seeds","description":"","publisher":{"@id":"https:\/\/www.saveourseeds.org\/de\/#organization"},"potentialAction":[{"@type":"SearchAction","target":{"@type":"EntryPoint","urlTemplate":"https:\/\/www.saveourseeds.org\/de\/?s={search_term_string}"},"query-input":{"@type":"PropertyValueSpecification","valueRequired":true,"valueName":"search_term_string"}}],"inLanguage":"de"},{"@type":"Organization","@id":"https:\/\/www.saveourseeds.org\/de\/#organization","name":"Save Our Seeds","url":"https:\/\/www.saveourseeds.org\/de\/","logo":{"@type":"ImageObject","inLanguage":"de","@id":"https:\/\/www.saveourseeds.org\/de\/#\/schema\/logo\/image\/","url":"https:\/\/www.saveourseeds.org\/wp-content\/uploads\/t3\/saveourseeds.png","contentUrl":"https:\/\/www.saveourseeds.org\/wp-content\/uploads\/t3\/saveourseeds.png","width":185,"height":96,"caption":"Save Our Seeds"},"image":{"@id":"https:\/\/www.saveourseeds.org\/de\/#\/schema\/logo\/image\/"}},{"@type":"Person","@id":"https:\/\/www.saveourseeds.org\/de\/#\/schema\/person\/0345c6b181a100c2e3c454422aa8ca15","name":"Franziska","url":"https:\/\/www.saveourseeds.org\/de\/author\/franziska\/"}]}},"_links":{"self":[{"href":"https:\/\/www.saveourseeds.org\/de\/wp-json\/wp\/v2\/posts\/4614","targetHints":{"allow":["GET"]}}],"collection":[{"href":"https:\/\/www.saveourseeds.org\/de\/wp-json\/wp\/v2\/posts"}],"about":[{"href":"https:\/\/www.saveourseeds.org\/de\/wp-json\/wp\/v2\/types\/post"}],"author":[{"embeddable":true,"href":"https:\/\/www.saveourseeds.org\/de\/wp-json\/wp\/v2\/users\/3"}],"replies":[{"embeddable":true,"href":"https:\/\/www.saveourseeds.org\/de\/wp-json\/wp\/v2\/comments?post=4614"}],"version-history":[{"count":1,"href":"https:\/\/www.saveourseeds.org\/de\/wp-json\/wp\/v2\/posts\/4614\/revisions"}],"predecessor-version":[{"id":4617,"href":"https:\/\/www.saveourseeds.org\/de\/wp-json\/wp\/v2\/posts\/4614\/revisions\/4617"}],"wp:featuredmedia":[{"embeddable":true,"href":"https:\/\/www.saveourseeds.org\/de\/wp-json\/wp\/v2\/media\/4615"}],"wp:attachment":[{"href":"https:\/\/www.saveourseeds.org\/de\/wp-json\/wp\/v2\/media?parent=4614"}],"wp:term":[{"taxonomy":"category","embeddable":true,"href":"https:\/\/www.saveourseeds.org\/de\/wp-json\/wp\/v2\/categories?post=4614"},{"taxonomy":"post_tag","embeddable":true,"href":"https:\/\/www.saveourseeds.org\/de\/wp-json\/wp\/v2\/tags?post=4614"}],"curies":[{"name":"wp","href":"https:\/\/api.w.org\/{rel}","templated":true}]}}